{"id":10573,"date":"2024-09-26T10:56:57","date_gmt":"2024-09-26T10:56:57","guid":{"rendered":"https:\/\/www.ausrosgimnazija.kalveliai.vilniausr.lm.lt\/?p=10573"},"modified":"2024-10-07T06:21:19","modified_gmt":"2024-10-07T06:21:19","slug":"europos-kalbu-diena-2","status":"publish","type":"post","link":"https:\/\/www.ausros.vilniausr.lm.lt\/?p=10573","title":{"rendered":"EUROPOS KALB\u0172 DIENA KALVELI\u0172 \u201eAU\u0160ROS\u201c GIMNAZIJOJE"},"content":{"rendered":"\n<p>Rugs\u0117jo 26 dien\u0105 Europoje minima Europos kalb\u0173 diena, kurios tikslas \u2013 skatinti dom\u0117tis kalb\u0173 ir kult\u016br\u0173 \u012fvairove, ugdyti pagarb\u0105 Europos, region\u0173 ir tautini\u0173 ma\u017eum\u0173 kalboms, pad\u0117ti geriau pa\u017einti bendr\u0105 kalbin\u012f paveld\u0105.<br>Ryte, prie\u0161 pamokas, gimnazijos bendruomenei pristatytas II-IV G klasi\u0173 mokini\u0173 ir lietuvi\u0173 kalbos ir literat\u016bros mokytojos Daivos Puga\u010diovien\u0117s paruo\u0161tas nuotrauk\u0173 kolia\u017eas \u201eA\u0161 keliauju po Europ\u0105\u201c. Nuotraukose pavaizduotos mokini\u0173 aplankytos Europos vietos ir u\u017era\u0161ai t\u0173 \u0161ali\u0173 kalba. I G klas\u0117s mokiniai su angl\u0173 kalbos mokytoja Barbara Duden demonstravo skaidres ir ved\u0117 \u012fvairi\u0173 \u017eaidim\u0173 prie\u0161mokyklin\u0117s grup\u0117s vaikams, pradini\u0173 ir 5-8 klasi\u0173 mokiniams u\u017esienio ir lietuvi\u0173 kalbomis. 7 klas\u0117s mokin\u0117 Kotryna Lapinskait\u0117 II-IV G klasi\u0173 mokiniams pristat\u0117 prezentacij\u0105 apie Europos kalb\u0173 dien\u0105. II-IV G klasi\u0173 mokiniai dalyvavo Europos komisijos parengtoje viktorinoje, skirtoje Europos kalb\u0173 dienai pamin\u0117ti. I G klas\u0117s mokiniai pristat\u0117 projekt\u0105 \u201e\u017dodis virsta vaizdu\u201c &#8211; pasitelk\u0119 vaizduot\u0119, k\u016brybi\u0161kum\u0105 bei dirbtin\u012f intelekt\u0105, per informatikos pamokas pareng\u0117 pasirinkto eil\u0117ra\u0161\u010dio vaizdo pristatym\u0105. \u0160venti\u0161k\u0105 nuotaik\u0105 suk\u016br\u0117 pertrauk\u0173 metu \u012fvairiomis Europos kalbomis skamban\u010dios dainos.<\/p>\n\n\n\n<p>Angl\u0173 kalbos mokytoja Barbara Duden<\/p>\n\n\n\n<hr class=\"wp-block-separator has-alpha-channel-opacity\"\/>\n\n\n\n<figure class=\"wp-block-gallery has-nested-images columns-default is-cropped wp-block-gallery-1 is-layout-flex wp-block-gallery-is-layout-flex\">\n<figure class=\"wp-block-image size-large\"><img loading=\"lazy\" decoding=\"async\" width=\"1024\" height=\"768\" data-id=\"10577\" src=\"https:\/\/www.ausrosgimnazija.kalveliai.vilniausr.lm.lt\/wp-content\/uploads\/2024\/09\/5dHzoaD8.jpg\" alt=\"\" class=\"wp-image-10577\" srcset=\"https:\/\/www.ausros.vilniausr.lm.lt\/wp-content\/uploads\/2024\/09\/5dHzoaD8.jpg 1024w, https:\/\/www.ausros.vilniausr.lm.lt\/wp-content\/uploads\/2024\/09\/5dHzoaD8-300x225.jpg 300w, https:\/\/www.ausros.vilniausr.lm.lt\/wp-content\/uploads\/2024\/09\/5dHzoaD8-768x576.jpg 768w, https:\/\/www.ausros.vilniausr.lm.lt\/wp-content\/uploads\/2024\/09\/5dHzoaD8-360x270.jpg 360w\" sizes=\"auto, (max-width: 1024px) 100vw, 1024px\" \/><\/figure>\n\n\n\n<figure class=\"wp-block-image size-large\"><img loading=\"lazy\" decoding=\"async\" width=\"1024\" height=\"768\" data-id=\"10576\" src=\"https:\/\/www.ausrosgimnazija.kalveliai.vilniausr.lm.lt\/wp-content\/uploads\/2024\/09\/JY6trkV3.jpg\" alt=\"\" class=\"wp-image-10576\" srcset=\"https:\/\/www.ausros.vilniausr.lm.lt\/wp-content\/uploads\/2024\/09\/JY6trkV3.jpg 1024w, https:\/\/www.ausros.vilniausr.lm.lt\/wp-content\/uploads\/2024\/09\/JY6trkV3-300x225.jpg 300w, https:\/\/www.ausros.vilniausr.lm.lt\/wp-content\/uploads\/2024\/09\/JY6trkV3-768x576.jpg 768w, https:\/\/www.ausros.vilniausr.lm.lt\/wp-content\/uploads\/2024\/09\/JY6trkV3-360x270.jpg 360w\" sizes=\"auto, (max-width: 1024px) 100vw, 1024px\" \/><\/figure>\n\n\n\n<figure class=\"wp-block-image size-large\"><img loading=\"lazy\" decoding=\"async\" width=\"1024\" height=\"768\" data-id=\"10575\" src=\"https:\/\/www.ausrosgimnazija.kalveliai.vilniausr.lm.lt\/wp-content\/uploads\/2024\/09\/IYUTr5Tv.jpg\" alt=\"\" class=\"wp-image-10575\" srcset=\"https:\/\/www.ausros.vilniausr.lm.lt\/wp-content\/uploads\/2024\/09\/IYUTr5Tv.jpg 1024w, https:\/\/www.ausros.vilniausr.lm.lt\/wp-content\/uploads\/2024\/09\/IYUTr5Tv-300x225.jpg 300w, https:\/\/www.ausros.vilniausr.lm.lt\/wp-content\/uploads\/2024\/09\/IYUTr5Tv-768x576.jpg 768w, https:\/\/www.ausros.vilniausr.lm.lt\/wp-content\/uploads\/2024\/09\/IYUTr5Tv-360x270.jpg 360w\" sizes=\"auto, (max-width: 1024px) 100vw, 1024px\" \/><\/figure>\n\n\n\n<figure class=\"wp-block-image size-large\"><img loading=\"lazy\" decoding=\"async\" width=\"1024\" height=\"768\" data-id=\"10613\" src=\"https:\/\/www.ausrosgimnazija.kalveliai.vilniausr.lm.lt\/wp-content\/uploads\/2024\/09\/XN5_0x3J.jpg\" alt=\"\" class=\"wp-image-10613\" srcset=\"https:\/\/www.ausros.vilniausr.lm.lt\/wp-content\/uploads\/2024\/09\/XN5_0x3J.jpg 1024w, https:\/\/www.ausros.vilniausr.lm.lt\/wp-content\/uploads\/2024\/09\/XN5_0x3J-300x225.jpg 300w, https:\/\/www.ausros.vilniausr.lm.lt\/wp-content\/uploads\/2024\/09\/XN5_0x3J-768x576.jpg 768w, https:\/\/www.ausros.vilniausr.lm.lt\/wp-content\/uploads\/2024\/09\/XN5_0x3J-360x270.jpg 360w\" sizes=\"auto, (max-width: 1024px) 100vw, 1024px\" \/><\/figure>\n<\/figure>\n","protected":false},"excerpt":{"rendered":"<p>Rugs\u0117jo 26 dien\u0105 Europoje minima Europos kalb\u0173 diena, kurios tikslas \u2013 skatinti dom\u0117tis kalb\u0173 ir kult\u016br\u0173 \u012fvairove, ugdyti pagarb\u0105 Europos, region\u0173 ir tautini\u0173 ma\u017eum\u0173 kalboms, pad\u0117ti geriau pa\u017einti bendr\u0105 kalbin\u012f paveld\u0105.Ryte, prie\u0161 pamokas, gimnazijos bendruomenei pristatytas II-IV G klasi\u0173 mokini\u0173 <a href=\"https:\/\/www.ausros.vilniausr.lm.lt\/?p=10573\" class=\"read-more\">Daugiau &#8230;<\/a><\/p>\n","protected":false},"author":3,"featured_media":10574,"comment_status":"closed","ping_status":"open","sticky":false,"template":"","format":"standard","meta":{"footnotes":""},"categories":[7],"tags":[],"class_list":["post-10573","post","type-post","status-publish","format-standard","has-post-thumbnail","hentry","category-naujienos"],"_links":{"self":[{"href":"https:\/\/www.ausros.vilniausr.lm.lt\/index.php?rest_route=\/wp\/v2\/posts\/10573","targetHints":{"allow":["GET"]}}],"collection":[{"href":"https:\/\/www.ausros.vilniausr.lm.lt\/index.php?rest_route=\/wp\/v2\/posts"}],"about":[{"href":"https:\/\/www.ausros.vilniausr.lm.lt\/index.php?rest_route=\/wp\/v2\/types\/post"}],"author":[{"embeddable":true,"href":"https:\/\/www.ausros.vilniausr.lm.lt\/index.php?rest_route=\/wp\/v2\/users\/3"}],"replies":[{"embeddable":true,"href":"https:\/\/www.ausros.vilniausr.lm.lt\/index.php?rest_route=%2Fwp%2Fv2%2Fcomments&post=10573"}],"version-history":[{"count":3,"href":"https:\/\/www.ausros.vilniausr.lm.lt\/index.php?rest_route=\/wp\/v2\/posts\/10573\/revisions"}],"predecessor-version":[{"id":10676,"href":"https:\/\/www.ausros.vilniausr.lm.lt\/index.php?rest_route=\/wp\/v2\/posts\/10573\/revisions\/10676"}],"wp:featuredmedia":[{"embeddable":true,"href":"https:\/\/www.ausros.vilniausr.lm.lt\/index.php?rest_route=\/wp\/v2\/media\/10574"}],"wp:attachment":[{"href":"https:\/\/www.ausros.vilniausr.lm.lt\/index.php?rest_route=%2Fwp%2Fv2%2Fmedia&parent=10573"}],"wp:term":[{"taxonomy":"category","embeddable":true,"href":"https:\/\/www.ausros.vilniausr.lm.lt\/index.php?rest_route=%2Fwp%2Fv2%2Fcategories&post=10573"},{"taxonomy":"post_tag","embeddable":true,"href":"https:\/\/www.ausros.vilniausr.lm.lt\/index.php?rest_route=%2Fwp%2Fv2%2Ftags&post=10573"}],"curies":[{"name":"wp","href":"https:\/\/api.w.org\/{rel}","templated":true}]}}