{"id":14034,"date":"2026-08-31T05:27:23","date_gmt":"2026-08-31T05:27:23","guid":{"rendered":"https:\/\/www.ausros.vilniausr.lm.lt\/?p=14034"},"modified":"2026-09-02T05:30:24","modified_gmt":"2026-09-02T05:30:24","slug":"i-kalveliu-ausros-gimnazijos-kiema-atriedejo-naujas-mokyklinis-autobusas","status":"publish","type":"post","link":"https:\/\/www.ausros.vilniausr.lm.lt\/?p=14034","title":{"rendered":"\u012e Kalveli\u0173 \u201eAu\u0161ros\u201c gimnazijos kiem\u0105 atried\u0117jo naujas mokyklinis autobusas"},"content":{"rendered":"\n<p class=\"wp-block-paragraph\">Naujus mokslo metus m\u016bs\u0173 gimnazija pasitinka su dar viena d\u017eiugia \u017einia \u2013 \u012f Kalveli\u0173 \u201eAu\u0161ros\u201c gimnazijos kiem\u0105 atried\u0117jo naujas mokyklinis autobusas. Tai svarbi naujiena m\u016bs\u0173 bendruomenei, pad\u0117sianti u\u017etikrinti saugesn\u012f ir patogesn\u012f mokini\u0173 pav\u0117\u017e\u0117jim\u0105 bei suteiksianti daugiau galimybi\u0173 dalyvauti \u012fvairiose ugdomosiose veiklose.<\/p>\n\n\n\n<p class=\"wp-block-paragraph\">Mokyklinis autobusas yra svarbi kasdienio gimnazijos gyvenimo dalis. Juo mokiniai vyksta ne tik \u012f pamokas, bet ir \u012f konkursus, olimpiadas, sporto var\u017eybas, edukacines veiklas, kult\u016brinius renginius bei i\u0161vykas.<\/p>\n\n\n\n<p class=\"wp-block-paragraph\">Naujasis autobusas leis lanks\u010diau organizuoti mokini\u0173 pav\u0117\u017e\u0117jim\u0105, planuoti daugiau i\u0161vyk\u0173 ir sudarys geresnes s\u0105lygas aktyviai dalyvauti rajono bei \u0161alies renginiuose. Kiekviena kelion\u0117 \u2013 tai naujos patirtys, \u017einios, pa\u017eintys ir galimyb\u0117 mokytis u\u017e klas\u0117s rib\u0173.<\/p>\n\n\n\n<p class=\"wp-block-paragraph\">Esame nuo\u0161ird\u017eiai d\u0117kingi Vilniaus rajono savivaldybei u\u017e r\u016bpest\u012f m\u016bs\u0173 gimnazijos bendruomene ir sudarytas geresnes s\u0105lygas mokiniams. \u0160i parama mums labai svarbi ir prasminga.<\/p>\n\n\n\n<p class=\"wp-block-paragraph\">Tikime, kad naujasis autobusas nuva\u017eiuos daugyb\u0119 saugi\u0173 ir prasming\u0173 kilometr\u0173, lyd\u0117s mokinius \u012f naujus atradimus, gra\u017eius susitikimus ir svarbius pasiekimus.<\/p>\n\n\n\n<p class=\"wp-block-paragraph\">Gero kelio ir prasming\u0173 kelioni\u0173!<\/p>\n\n\n\n<p class=\"wp-block-paragraph\">Direktoriaus pavaduotoja \u016bkio reikalams Viktorija Jara\u0161\u016bnien\u0117<\/p>\n\n\n\n<figure class=\"wp-block-gallery has-nested-images columns-default is-cropped wp-block-gallery-1 is-layout-flex wp-block-gallery-is-layout-flex\">\n<figure class=\"wp-block-image size-large\"><img loading=\"lazy\" decoding=\"async\" width=\"473\" height=\"1024\" data-id=\"14036\" src=\"https:\/\/www.ausros.vilniausr.lm.lt\/wp-content\/uploads\/2026\/09\/7e85f4f5-2832-45d7-9704-0ed1ae1fe4ef-473x1024.jpg\" alt=\"\" class=\"wp-image-14036\" srcset=\"https:\/\/www.ausros.vilniausr.lm.lt\/wp-content\/uploads\/2026\/09\/7e85f4f5-2832-45d7-9704-0ed1ae1fe4ef-473x1024.jpg 473w, https:\/\/www.ausros.vilniausr.lm.lt\/wp-content\/uploads\/2026\/09\/7e85f4f5-2832-45d7-9704-0ed1ae1fe4ef-139x300.jpg 139w, https:\/\/www.ausros.vilniausr.lm.lt\/wp-content\/uploads\/2026\/09\/7e85f4f5-2832-45d7-9704-0ed1ae1fe4ef-768x1662.jpg 768w, https:\/\/www.ausros.vilniausr.lm.lt\/wp-content\/uploads\/2026\/09\/7e85f4f5-2832-45d7-9704-0ed1ae1fe4ef-710x1536.jpg 710w, https:\/\/www.ausros.vilniausr.lm.lt\/wp-content\/uploads\/2026\/09\/7e85f4f5-2832-45d7-9704-0ed1ae1fe4ef-125x270.jpg 125w, https:\/\/www.ausros.vilniausr.lm.lt\/wp-content\/uploads\/2026\/09\/7e85f4f5-2832-45d7-9704-0ed1ae1fe4ef.jpg 946w\" sizes=\"auto, (max-width: 473px) 100vw, 473px\" \/><\/figure>\n\n\n\n<figure class=\"wp-block-image size-large\"><img loading=\"lazy\" decoding=\"async\" width=\"1024\" height=\"473\" data-id=\"14037\" src=\"https:\/\/www.ausros.vilniausr.lm.lt\/wp-content\/uploads\/2026\/09\/7024b6c6-ed05-482e-aa68-82addc3a319e-1-1024x473.jpg\" alt=\"\" class=\"wp-image-14037\" srcset=\"https:\/\/www.ausros.vilniausr.lm.lt\/wp-content\/uploads\/2026\/09\/7024b6c6-ed05-482e-aa68-82addc3a319e-1-1024x473.jpg 1024w, https:\/\/www.ausros.vilniausr.lm.lt\/wp-content\/uploads\/2026\/09\/7024b6c6-ed05-482e-aa68-82addc3a319e-1-300x139.jpg 300w, https:\/\/www.ausros.vilniausr.lm.lt\/wp-content\/uploads\/2026\/09\/7024b6c6-ed05-482e-aa68-82addc3a319e-1-766x354.jpg 766w, https:\/\/www.ausros.vilniausr.lm.lt\/wp-content\/uploads\/2026\/09\/7024b6c6-ed05-482e-aa68-82addc3a319e-1-360x166.jpg 360w, https:\/\/www.ausros.vilniausr.lm.lt\/wp-content\/uploads\/2026\/09\/7024b6c6-ed05-482e-aa68-82addc3a319e-1-1536x710.jpg 1536w, https:\/\/www.ausros.vilniausr.lm.lt\/wp-content\/uploads\/2026\/09\/7024b6c6-ed05-482e-aa68-82addc3a319e-1.jpg 2048w\" sizes=\"auto, (max-width: 1024px) 100vw, 1024px\" \/><\/figure>\n\n\n\n<figure class=\"wp-block-image size-large\"><img loading=\"lazy\" decoding=\"async\" width=\"1024\" height=\"473\" data-id=\"14038\" src=\"https:\/\/www.ausros.vilniausr.lm.lt\/wp-content\/uploads\/2026\/09\/c35b9679-5b41-40ab-a78d-3d808463112f-1024x473.jpg\" alt=\"\" class=\"wp-image-14038\" srcset=\"https:\/\/www.ausros.vilniausr.lm.lt\/wp-content\/uploads\/2026\/09\/c35b9679-5b41-40ab-a78d-3d808463112f-1024x473.jpg 1024w, https:\/\/www.ausros.vilniausr.lm.lt\/wp-content\/uploads\/2026\/09\/c35b9679-5b41-40ab-a78d-3d808463112f-300x139.jpg 300w, https:\/\/www.ausros.vilniausr.lm.lt\/wp-content\/uploads\/2026\/09\/c35b9679-5b41-40ab-a78d-3d808463112f-766x354.jpg 766w, https:\/\/www.ausros.vilniausr.lm.lt\/wp-content\/uploads\/2026\/09\/c35b9679-5b41-40ab-a78d-3d808463112f-360x166.jpg 360w, https:\/\/www.ausros.vilniausr.lm.lt\/wp-content\/uploads\/2026\/09\/c35b9679-5b41-40ab-a78d-3d808463112f-1536x710.jpg 1536w, https:\/\/www.ausros.vilniausr.lm.lt\/wp-content\/uploads\/2026\/09\/c35b9679-5b41-40ab-a78d-3d808463112f.jpg 2048w\" sizes=\"auto, (max-width: 1024px) 100vw, 1024px\" \/><\/figure>\n<\/figure>\n","protected":false},"excerpt":{"rendered":"<p>Naujus mokslo metus m\u016bs\u0173 gimnazija pasitinka su dar viena d\u017eiugia \u017einia \u2013 \u012f Kalveli\u0173 \u201eAu\u0161ros\u201c gimnazijos kiem\u0105 atried\u0117jo naujas mokyklinis autobusas. Tai svarbi naujiena m\u016bs\u0173 bendruomenei, pad\u0117sianti u\u017etikrinti saugesn\u012f ir patogesn\u012f mokini\u0173 pav\u0117\u017e\u0117jim\u0105 bei suteiksianti daugiau galimybi\u0173 dalyvauti \u012fvairiose ugdomosiose <a href=\"https:\/\/www.ausros.vilniausr.lm.lt\/?p=14034\" class=\"read-more\">Daugiau &#8230;<\/a><\/p>\n","protected":false},"author":3,"featured_media":14035,"comment_status":"closed","ping_status":"open","sticky":false,"template":"","format":"standard","meta":{"footnotes":""},"categories":[7],"tags":[],"class_list":["post-14034","post","type-post","status-publish","format-standard","has-post-thumbnail","hentry","category-naujienos"],"_links":{"self":[{"href":"https:\/\/www.ausros.vilniausr.lm.lt\/index.php?rest_route=\/wp\/v2\/posts\/14034","targetHints":{"allow":["GET"]}}],"collection":[{"href":"https:\/\/www.ausros.vilniausr.lm.lt\/index.php?rest_route=\/wp\/v2\/posts"}],"about":[{"href":"https:\/\/www.ausros.vilniausr.lm.lt\/index.php?rest_route=\/wp\/v2\/types\/post"}],"author":[{"embeddable":true,"href":"https:\/\/www.ausros.vilniausr.lm.lt\/index.php?rest_route=\/wp\/v2\/users\/3"}],"replies":[{"embeddable":true,"href":"https:\/\/www.ausros.vilniausr.lm.lt\/index.php?rest_route=%2Fwp%2Fv2%2Fcomments&post=14034"}],"version-history":[{"count":1,"href":"https:\/\/www.ausros.vilniausr.lm.lt\/index.php?rest_route=\/wp\/v2\/posts\/14034\/revisions"}],"predecessor-version":[{"id":14039,"href":"https:\/\/www.ausros.vilniausr.lm.lt\/index.php?rest_route=\/wp\/v2\/posts\/14034\/revisions\/14039"}],"wp:featuredmedia":[{"embeddable":true,"href":"https:\/\/www.ausros.vilniausr.lm.lt\/index.php?rest_route=\/wp\/v2\/media\/14035"}],"wp:attachment":[{"href":"https:\/\/www.ausros.vilniausr.lm.lt\/index.php?rest_route=%2Fwp%2Fv2%2Fmedia&parent=14034"}],"wp:term":[{"taxonomy":"category","embeddable":true,"href":"https:\/\/www.ausros.vilniausr.lm.lt\/index.php?rest_route=%2Fwp%2Fv2%2Fcategories&post=14034"},{"taxonomy":"post_tag","embeddable":true,"href":"https:\/\/www.ausros.vilniausr.lm.lt\/index.php?rest_route=%2Fwp%2Fv2%2Ftags&post=14034"}],"curies":[{"name":"wp","href":"https:\/\/api.w.org\/{rel}","templated":true}]}}