{"id":14048,"date":"2026-09-02T15:15:16","date_gmt":"2026-09-02T15:15:16","guid":{"rendered":"https:\/\/www.ausros.vilniausr.lm.lt\/?p=14048"},"modified":"2026-09-02T15:17:53","modified_gmt":"2026-09-02T15:17:53","slug":"prasideda-dar-viena-kalveliu-ausros-gimnazijos-istorija","status":"publish","type":"post","link":"https:\/\/www.ausros.vilniausr.lm.lt\/?p=14048","title":{"rendered":"PRASIDEDA DAR VIENA KALVELI\u0172 \u201eAU\u0160ROS\u201c GIMNAZIJOS ISTORIJA"},"content":{"rendered":"\n<hr class=\"wp-block-separator has-alpha-channel-opacity\"\/>\n\n\n\n<p class=\"wp-block-paragraph\">Rugs\u0117jo 1-osios ryt\u0105 Kalveli\u0173 \u201eAu\u0161ros\u201c gimnazijos bendruomen\u0117 po vasaros pertraukos v\u0117l susitiko drauge. \u0160vent\u0117 prasid\u0117jo \u0161v. Mi\u0161iomis Kalveli\u0173 Dievo Gailestingumo ba\u017eny\u010dioje. V\u0117liau mokiniai, mokytojai, t\u0117vai ir sve\u010diai susirinko gimnazijoje pasitikti 2026\u20132027 mokslo met\u0173 prad\u017eios.<\/p>\n\n\n\n<p class=\"wp-block-paragraph\">I\u0161kilming\u0105 renginio dal\u012f prad\u0117jome Lietuvos Respublikos himnu. Direktoriaus pavaduotoja ugdymui Nina Ba\u0161ajevien\u0117 perskait\u0117 Lietuvos Respublikos Prezidento sveikinim\u0105 \u0161vietimo bendruomenei.<\/p>\n\n\n\n<p class=\"wp-block-paragraph\">Susirinkusiuosius pasveikino gimnazijos direktor\u0117. \u0160iltus \u017eod\u017eius bendruomenei tar\u0117 ir Vilniaus rajono savivaldyb\u0117s Kult\u016bros ir turizmo skyriaus ved\u0117ja Gra\u017eina Slu\u0161ko.<\/p>\n\n\n\n<p class=\"wp-block-paragraph\">\u0160ventin\u0119 nuotaik\u0105 k\u016br\u0117 muzikiniai pasirodymai. Skamb\u0117jo daina \u201eRugs\u0117jo 1-oji\u201c, dvyliktokai atliko dain\u0105 \u201eA\u0161 tampu \u017emogumi\u201c.<\/p>\n\n\n\n<p class=\"wp-block-paragraph\">Ypatinga \u0161i diena buvo ma\u017eiausiems gimnazijos bendruomen\u0117s nariams. Prie\u0161mokyklinio ugdymo grup\u0117s vaikus pasitiko mokytoja Inga Meleikien\u0117, o pirm\u0105j\u0105 mokyklin\u0119 kelion\u0119 kartu su mokytoja Ana Kairiene prad\u0117jo 1 klas\u0117s mokiniai. Ma\u017eieji dr\u0105siai pasirod\u0117 susirinkusiesiems, klas\u0117se j\u0173 lauk\u0117 ir simbolin\u0117s dovan\u0117l\u0117s.<\/p>\n\n\n\n<p class=\"wp-block-paragraph\">Gra\u017eia \u0161vent\u0117s tradicija tapo vyresni\u0173j\u0173 d\u0117mesys ma\u017eiesiems \u2013 11\u201312 klasi\u0173 mokiniai palyd\u0117jo juos \u012f pirm\u0105j\u0105 pamok\u0105.<\/p>\n\n\n\n<p class=\"wp-block-paragraph\">Rugs\u0117jo 1-oji dar kart\u0105 primin\u0117, kad gimnazijos gyvenim\u0105 kuria ne vien pamokos ir vadov\u0117liai, bet ir \u017emon\u0117s, j\u0173 tarpusavio ry\u0161ys, kasdien\u0117s pastangos, bendri darbai bei kartu patiriamos akimirkos.<\/p>\n\n\n\n<p class=\"wp-block-paragraph\">Tegul naujieji 2026\u20132027 mokslo metai b\u016bna kupini smalsumo, pasitik\u0117jimo, prasming\u0173 patir\u010di\u0173 ir gra\u017ei\u0173 pasiekim\u0173. S\u0117km\u0117s visai Kalveli\u0173 \u201eAu\u0161ros\u201c gimnazijos bendruomenei!<\/p>\n\n\n\n<p class=\"wp-block-paragraph\">Direktoriaus pavaduotoja ugdymui Nina Ba\u0161ajevien\u0117<\/p>\n\n\n\n<hr class=\"wp-block-separator has-alpha-channel-opacity\"\/>\n\n\n\n<figure class=\"wp-block-gallery has-nested-images columns-3 is-cropped wp-block-gallery-1 is-layout-flex wp-block-gallery-is-layout-flex\">\n<figure class=\"wp-block-image size-full\"><img loading=\"lazy\" decoding=\"async\" width=\"1183\" height=\"2560\" data-id=\"14054\" src=\"https:\/\/www.ausros.vilniausr.lm.lt\/wp-content\/uploads\/2026\/09\/dcfbafee-36b5-4e69-b88b-e1051114a6cc-scaled.jpg\" alt=\"\" class=\"wp-image-14054\" srcset=\"https:\/\/www.ausros.vilniausr.lm.lt\/wp-content\/uploads\/2026\/09\/dcfbafee-36b5-4e69-b88b-e1051114a6cc-scaled.jpg 1183w, https:\/\/www.ausros.vilniausr.lm.lt\/wp-content\/uploads\/2026\/09\/dcfbafee-36b5-4e69-b88b-e1051114a6cc-139x300.jpg 139w, https:\/\/www.ausros.vilniausr.lm.lt\/wp-content\/uploads\/2026\/09\/dcfbafee-36b5-4e69-b88b-e1051114a6cc-473x1024.jpg 473w, https:\/\/www.ausros.vilniausr.lm.lt\/wp-content\/uploads\/2026\/09\/dcfbafee-36b5-4e69-b88b-e1051114a6cc-768x1662.jpg 768w, https:\/\/www.ausros.vilniausr.lm.lt\/wp-content\/uploads\/2026\/09\/dcfbafee-36b5-4e69-b88b-e1051114a6cc-710x1536.jpg 710w, https:\/\/www.ausros.vilniausr.lm.lt\/wp-content\/uploads\/2026\/09\/dcfbafee-36b5-4e69-b88b-e1051114a6cc-946x2048.jpg 946w, https:\/\/www.ausros.vilniausr.lm.lt\/wp-content\/uploads\/2026\/09\/dcfbafee-36b5-4e69-b88b-e1051114a6cc-125x270.jpg 125w\" sizes=\"auto, (max-width: 1183px) 100vw, 1183px\" \/><\/figure>\n\n\n\n<figure class=\"wp-block-image size-full\"><img loading=\"lazy\" decoding=\"async\" width=\"946\" height=\"2048\" data-id=\"14050\" src=\"https:\/\/www.ausros.vilniausr.lm.lt\/wp-content\/uploads\/2026\/09\/85a5b526-761a-4891-a9f3-aea1f0bd6b03.jpg\" alt=\"\" class=\"wp-image-14050\" srcset=\"https:\/\/www.ausros.vilniausr.lm.lt\/wp-content\/uploads\/2026\/09\/85a5b526-761a-4891-a9f3-aea1f0bd6b03.jpg 946w, https:\/\/www.ausros.vilniausr.lm.lt\/wp-content\/uploads\/2026\/09\/85a5b526-761a-4891-a9f3-aea1f0bd6b03-139x300.jpg 139w, https:\/\/www.ausros.vilniausr.lm.lt\/wp-content\/uploads\/2026\/09\/85a5b526-761a-4891-a9f3-aea1f0bd6b03-768x1662.jpg 768w, https:\/\/www.ausros.vilniausr.lm.lt\/wp-content\/uploads\/2026\/09\/85a5b526-761a-4891-a9f3-aea1f0bd6b03-473x1024.jpg 473w, https:\/\/www.ausros.vilniausr.lm.lt\/wp-content\/uploads\/2026\/09\/85a5b526-761a-4891-a9f3-aea1f0bd6b03-125x270.jpg 125w, https:\/\/www.ausros.vilniausr.lm.lt\/wp-content\/uploads\/2026\/09\/85a5b526-761a-4891-a9f3-aea1f0bd6b03-710x1536.jpg 710w\" sizes=\"auto, (max-width: 946px) 100vw, 946px\" \/><\/figure>\n\n\n\n<figure class=\"wp-block-image size-full\"><img loading=\"lazy\" decoding=\"async\" width=\"946\" height=\"2048\" data-id=\"14049\" src=\"https:\/\/www.ausros.vilniausr.lm.lt\/wp-content\/uploads\/2026\/09\/48171523-661e-4395-b216-dc4de59fcb9b.jpg\" alt=\"\" class=\"wp-image-14049\" srcset=\"https:\/\/www.ausros.vilniausr.lm.lt\/wp-content\/uploads\/2026\/09\/48171523-661e-4395-b216-dc4de59fcb9b.jpg 946w, https:\/\/www.ausros.vilniausr.lm.lt\/wp-content\/uploads\/2026\/09\/48171523-661e-4395-b216-dc4de59fcb9b-139x300.jpg 139w, https:\/\/www.ausros.vilniausr.lm.lt\/wp-content\/uploads\/2026\/09\/48171523-661e-4395-b216-dc4de59fcb9b-768x1662.jpg 768w, https:\/\/www.ausros.vilniausr.lm.lt\/wp-content\/uploads\/2026\/09\/48171523-661e-4395-b216-dc4de59fcb9b-125x270.jpg 125w, https:\/\/www.ausros.vilniausr.lm.lt\/wp-content\/uploads\/2026\/09\/48171523-661e-4395-b216-dc4de59fcb9b-710x1536.jpg 710w, https:\/\/www.ausros.vilniausr.lm.lt\/wp-content\/uploads\/2026\/09\/48171523-661e-4395-b216-dc4de59fcb9b-473x1024.jpg 473w\" sizes=\"auto, (max-width: 946px) 100vw, 946px\" \/><\/figure>\n\n\n\n<figure class=\"wp-block-image size-full\"><img loading=\"lazy\" decoding=\"async\" width=\"946\" height=\"2048\" data-id=\"14051\" src=\"https:\/\/www.ausros.vilniausr.lm.lt\/wp-content\/uploads\/2026\/09\/1b9defb1-d9f2-4f83-ad58-835811594579.jpg\" alt=\"\" class=\"wp-image-14051\" srcset=\"https:\/\/www.ausros.vilniausr.lm.lt\/wp-content\/uploads\/2026\/09\/1b9defb1-d9f2-4f83-ad58-835811594579.jpg 946w, https:\/\/www.ausros.vilniausr.lm.lt\/wp-content\/uploads\/2026\/09\/1b9defb1-d9f2-4f83-ad58-835811594579-139x300.jpg 139w, https:\/\/www.ausros.vilniausr.lm.lt\/wp-content\/uploads\/2026\/09\/1b9defb1-d9f2-4f83-ad58-835811594579-768x1662.jpg 768w, https:\/\/www.ausros.vilniausr.lm.lt\/wp-content\/uploads\/2026\/09\/1b9defb1-d9f2-4f83-ad58-835811594579-473x1024.jpg 473w, https:\/\/www.ausros.vilniausr.lm.lt\/wp-content\/uploads\/2026\/09\/1b9defb1-d9f2-4f83-ad58-835811594579-710x1536.jpg 710w, https:\/\/www.ausros.vilniausr.lm.lt\/wp-content\/uploads\/2026\/09\/1b9defb1-d9f2-4f83-ad58-835811594579-125x270.jpg 125w\" sizes=\"auto, (max-width: 946px) 100vw, 946px\" \/><\/figure>\n\n\n\n<figure class=\"wp-block-image size-full\"><img loading=\"lazy\" decoding=\"async\" width=\"1524\" height=\"704\" data-id=\"14052\" src=\"https:\/\/www.ausros.vilniausr.lm.lt\/wp-content\/uploads\/2026\/09\/Gemini_Generated_Image_5dydch5dydch5dyd.jpg\" alt=\"\" class=\"wp-image-14052\" srcset=\"https:\/\/www.ausros.vilniausr.lm.lt\/wp-content\/uploads\/2026\/09\/Gemini_Generated_Image_5dydch5dydch5dyd.jpg 1524w, https:\/\/www.ausros.vilniausr.lm.lt\/wp-content\/uploads\/2026\/09\/Gemini_Generated_Image_5dydch5dydch5dyd-300x139.jpg 300w, https:\/\/www.ausros.vilniausr.lm.lt\/wp-content\/uploads\/2026\/09\/Gemini_Generated_Image_5dydch5dydch5dyd-766x354.jpg 766w, https:\/\/www.ausros.vilniausr.lm.lt\/wp-content\/uploads\/2026\/09\/Gemini_Generated_Image_5dydch5dydch5dyd-1024x473.jpg 1024w, https:\/\/www.ausros.vilniausr.lm.lt\/wp-content\/uploads\/2026\/09\/Gemini_Generated_Image_5dydch5dydch5dyd-360x166.jpg 360w\" sizes=\"auto, (max-width: 1524px) 100vw, 1524px\" \/><\/figure>\n\n\n\n<figure class=\"wp-block-image size-full\"><img loading=\"lazy\" decoding=\"async\" width=\"1183\" height=\"2560\" data-id=\"14055\" src=\"https:\/\/www.ausros.vilniausr.lm.lt\/wp-content\/uploads\/2026\/09\/2c4f6a90-cb49-44e8-9806-aaf8a7643b66-scaled.jpg\" alt=\"\" class=\"wp-image-14055\" srcset=\"https:\/\/www.ausros.vilniausr.lm.lt\/wp-content\/uploads\/2026\/09\/2c4f6a90-cb49-44e8-9806-aaf8a7643b66-scaled.jpg 1183w, https:\/\/www.ausros.vilniausr.lm.lt\/wp-content\/uploads\/2026\/09\/2c4f6a90-cb49-44e8-9806-aaf8a7643b66-139x300.jpg 139w, https:\/\/www.ausros.vilniausr.lm.lt\/wp-content\/uploads\/2026\/09\/2c4f6a90-cb49-44e8-9806-aaf8a7643b66-473x1024.jpg 473w, https:\/\/www.ausros.vilniausr.lm.lt\/wp-content\/uploads\/2026\/09\/2c4f6a90-cb49-44e8-9806-aaf8a7643b66-768x1662.jpg 768w, https:\/\/www.ausros.vilniausr.lm.lt\/wp-content\/uploads\/2026\/09\/2c4f6a90-cb49-44e8-9806-aaf8a7643b66-710x1536.jpg 710w, https:\/\/www.ausros.vilniausr.lm.lt\/wp-content\/uploads\/2026\/09\/2c4f6a90-cb49-44e8-9806-aaf8a7643b66-946x2048.jpg 946w, https:\/\/www.ausros.vilniausr.lm.lt\/wp-content\/uploads\/2026\/09\/2c4f6a90-cb49-44e8-9806-aaf8a7643b66-125x270.jpg 125w\" sizes=\"auto, (max-width: 1183px) 100vw, 1183px\" \/><\/figure>\n<\/figure>\n","protected":false},"excerpt":{"rendered":"<p>Rugs\u0117jo 1-osios ryt\u0105 Kalveli\u0173 \u201eAu\u0161ros\u201c gimnazijos bendruomen\u0117 po vasaros pertraukos v\u0117l susitiko drauge. \u0160vent\u0117 prasid\u0117jo \u0161v. Mi\u0161iomis Kalveli\u0173 Dievo Gailestingumo ba\u017eny\u010dioje. V\u0117liau mokiniai, mokytojai, t\u0117vai ir sve\u010diai susirinko gimnazijoje pasitikti 2026\u20132027 mokslo met\u0173 prad\u017eios. I\u0161kilming\u0105 renginio dal\u012f prad\u0117jome Lietuvos Respublikos <a href=\"https:\/\/www.ausros.vilniausr.lm.lt\/?p=14048\" class=\"read-more\">Daugiau &#8230;<\/a><\/p>\n","protected":false},"author":3,"featured_media":14053,"comment_status":"closed","ping_status":"open","sticky":false,"template":"","format":"standard","meta":{"footnotes":""},"categories":[7],"tags":[],"class_list":["post-14048","post","type-post","status-publish","format-standard","has-post-thumbnail","hentry","category-naujienos"],"_links":{"self":[{"href":"https:\/\/www.ausros.vilniausr.lm.lt\/index.php?rest_route=\/wp\/v2\/posts\/14048","targetHints":{"allow":["GET"]}}],"collection":[{"href":"https:\/\/www.ausros.vilniausr.lm.lt\/index.php?rest_route=\/wp\/v2\/posts"}],"about":[{"href":"https:\/\/www.ausros.vilniausr.lm.lt\/index.php?rest_route=\/wp\/v2\/types\/post"}],"author":[{"embeddable":true,"href":"https:\/\/www.ausros.vilniausr.lm.lt\/index.php?rest_route=\/wp\/v2\/users\/3"}],"replies":[{"embeddable":true,"href":"https:\/\/www.ausros.vilniausr.lm.lt\/index.php?rest_route=%2Fwp%2Fv2%2Fcomments&post=14048"}],"version-history":[{"count":4,"href":"https:\/\/www.ausros.vilniausr.lm.lt\/index.php?rest_route=\/wp\/v2\/posts\/14048\/revisions"}],"predecessor-version":[{"id":14060,"href":"https:\/\/www.ausros.vilniausr.lm.lt\/index.php?rest_route=\/wp\/v2\/posts\/14048\/revisions\/14060"}],"wp:featuredmedia":[{"embeddable":true,"href":"https:\/\/www.ausros.vilniausr.lm.lt\/index.php?rest_route=\/wp\/v2\/media\/14053"}],"wp:attachment":[{"href":"https:\/\/www.ausros.vilniausr.lm.lt\/index.php?rest_route=%2Fwp%2Fv2%2Fmedia&parent=14048"}],"wp:term":[{"taxonomy":"category","embeddable":true,"href":"https:\/\/www.ausros.vilniausr.lm.lt\/index.php?rest_route=%2Fwp%2Fv2%2Fcategories&post=14048"},{"taxonomy":"post_tag","embeddable":true,"href":"https:\/\/www.ausros.vilniausr.lm.lt\/index.php?rest_route=%2Fwp%2Fv2%2Ftags&post=14048"}],"curies":[{"name":"wp","href":"https:\/\/api.w.org\/{rel}","templated":true}]}}