{"id":4352,"date":"2021-10-25T07:51:25","date_gmt":"2021-10-25T07:51:25","guid":{"rendered":"http:\/\/www.ausrosgimnazija.kalveliai.vilniausr.lm.lt\/?p=4352"},"modified":"2021-10-27T15:59:08","modified_gmt":"2021-10-27T15:59:08","slug":"konstitucijos-egzaminas-2","status":"publish","type":"post","link":"https:\/\/www.ausros.vilniausr.lm.lt\/?p=4352","title":{"rendered":"KONSTITUCIJOS DIENA"},"content":{"rendered":"\n<p class=\"wp-block-paragraph\">2021\nm. spalio 25 d. sukako 29 metai, kai buvo priimta Lietuvos Respublikos\nKonstitucija. Prasminga \u0161vent\u0117\nir naudingos \u017einios &#8211; suderinama! Tuo \u012fsitikinti buvo galima ir Vilniaus rajono\nKalveli\u0173 ,,Au\u0161ros\u201c gimnazijoje. I-IV gimnazijos klasi\u0173 mokiniai dalyvavo&nbsp; &nbsp;Lietuvos\nRespublikos &nbsp;Konstitucijos \u017eini\u0173\npatikrinimo egzamine, kuriame ne tik i\u0161band\u0117 savo \u017einias ir j\u0117gas, bet kartu ir\npa\u017eino pagrindinio \u012fstatymo svarb\u0105 \u0161iuolaikin\u0117je visuomen\u0117je, skleid\u0117\npilieti\u0161kumo dvasi\u0105 bei \u012fgijo nauj\u0173 &nbsp;\u017eini\u0173 apie svarbiausi\u0105 valstyb\u0117s teis\u0117s akt\u0105. \u0160iuo\nrenginiu buvo skatinamas pilietinis aktyvumas, pagarba pagrindin\u0117ms \u017emogaus\nteis\u0117ms ir laisv\u0117ms. &nbsp;Buvusi \u0161alies\nprezident\u0117 Dalia Grybauskait\u0117 teig\u0117:&nbsp; \u201eKonstitucijos\ndiena mums primena, kad kiekvieno m\u016bs\u0173 teisi\u0173, orumo ir laisvi\u0173 gynimas yra\nesminis demokratijos principas\u201c.<\/p>\n\n\n\n<figure class=\"wp-block-image\"><img loading=\"lazy\" decoding=\"async\" width=\"750\" height=\"563\" src=\"http:\/\/www.ausrosgimnazija.kalveliai.vilniausr.lm.lt\/wp-content\/uploads\/2021\/10\/248361438_461026325316155_8334307462437741550_n.jpg\" alt=\"\" class=\"wp-image-4353\" srcset=\"https:\/\/www.ausros.vilniausr.lm.lt\/wp-content\/uploads\/2021\/10\/248361438_461026325316155_8334307462437741550_n.jpg 750w, https:\/\/www.ausros.vilniausr.lm.lt\/wp-content\/uploads\/2021\/10\/248361438_461026325316155_8334307462437741550_n-300x225.jpg 300w, https:\/\/www.ausros.vilniausr.lm.lt\/wp-content\/uploads\/2021\/10\/248361438_461026325316155_8334307462437741550_n-360x270.jpg 360w\" sizes=\"auto, (max-width: 750px) 100vw, 750px\" \/><\/figure>\n","protected":false},"excerpt":{"rendered":"<p>2021 m. spalio 25 d. sukako 29 metai, kai buvo priimta Lietuvos Respublikos Konstitucija. Prasminga \u0161vent\u0117 ir naudingos \u017einios &#8211; suderinama! Tuo \u012fsitikinti buvo galima ir Vilniaus rajono Kalveli\u0173 ,,Au\u0161ros\u201c gimnazijoje. I-IV gimnazijos klasi\u0173 mokiniai dalyvavo&nbsp; &nbsp;Lietuvos Respublikos &nbsp;Konstitucijos \u017eini\u0173 <a href=\"https:\/\/www.ausros.vilniausr.lm.lt\/?p=4352\" class=\"read-more\">Daugiau &#8230;<\/a><\/p>\n","protected":false},"author":3,"featured_media":4356,"comment_status":"closed","ping_status":"open","sticky":false,"template":"","format":"standard","meta":{"footnotes":""},"categories":[10],"tags":[],"class_list":["post-4352","post","type-post","status-publish","format-standard","has-post-thumbnail","hentry","category-renginiai"],"_links":{"self":[{"href":"https:\/\/www.ausros.vilniausr.lm.lt\/index.php?rest_route=\/wp\/v2\/posts\/4352","targetHints":{"allow":["GET"]}}],"collection":[{"href":"https:\/\/www.ausros.vilniausr.lm.lt\/index.php?rest_route=\/wp\/v2\/posts"}],"about":[{"href":"https:\/\/www.ausros.vilniausr.lm.lt\/index.php?rest_route=\/wp\/v2\/types\/post"}],"author":[{"embeddable":true,"href":"https:\/\/www.ausros.vilniausr.lm.lt\/index.php?rest_route=\/wp\/v2\/users\/3"}],"replies":[{"embeddable":true,"href":"https:\/\/www.ausros.vilniausr.lm.lt\/index.php?rest_route=%2Fwp%2Fv2%2Fcomments&post=4352"}],"version-history":[{"count":2,"href":"https:\/\/www.ausros.vilniausr.lm.lt\/index.php?rest_route=\/wp\/v2\/posts\/4352\/revisions"}],"predecessor-version":[{"id":4383,"href":"https:\/\/www.ausros.vilniausr.lm.lt\/index.php?rest_route=\/wp\/v2\/posts\/4352\/revisions\/4383"}],"wp:featuredmedia":[{"embeddable":true,"href":"https:\/\/www.ausros.vilniausr.lm.lt\/index.php?rest_route=\/wp\/v2\/media\/4356"}],"wp:attachment":[{"href":"https:\/\/www.ausros.vilniausr.lm.lt\/index.php?rest_route=%2Fwp%2Fv2%2Fmedia&parent=4352"}],"wp:term":[{"taxonomy":"category","embeddable":true,"href":"https:\/\/www.ausros.vilniausr.lm.lt\/index.php?rest_route=%2Fwp%2Fv2%2Fcategories&post=4352"},{"taxonomy":"post_tag","embeddable":true,"href":"https:\/\/www.ausros.vilniausr.lm.lt\/index.php?rest_route=%2Fwp%2Fv2%2Ftags&post=4352"}],"curies":[{"name":"wp","href":"https:\/\/api.w.org\/{rel}","templated":true}]}}